{"id":2296,"date":"2024-01-10T16:47:39","date_gmt":"2024-01-10T15:47:39","guid":{"rendered":"https:\/\/test.100k.verfassungsfreunde.ch\/?p=2296"},"modified":"2024-01-11T11:49:01","modified_gmt":"2024-01-11T10:49:01","slug":"bundesbeschluss-ueber-die-genehmigung-des-strassburger-uebereinkommens-von-2012-ueber-die-beschraenkung-der-haftung-in-der-binnenschifffahrt-und-ueber-seine-umsetzung","status":"publish","type":"post","link":"https:\/\/100k.verfassungsfreunde.ch\/it\/bundesbeschluss-ueber-die-genehmigung-des-strassburger-uebereinkommens-von-2012-ueber-die-beschraenkung-der-haftung-in-der-binnenschifffahrt-und-ueber-seine-umsetzung\/","title":{"rendered":"Bundesbeschluss \u00fcber die Genehmigung des Strassburger \u00dcbereinkommens von 2012 \u00fcber die Beschr\u00e4nkung der Haftung in der Binnenschifffahrt und \u00fcber seine Umsetzung"},"content":{"rendered":"<div data-elementor-type=\"wp-post\" data-elementor-id=\"2296\" class=\"elementor elementor-2296\" data-elementor-post-type=\"post\">\n\t\t\t\t<div class=\"elementor-element elementor-element-0542b6c e-flex e-con-boxed e-con e-parent\" data-id=\"0542b6c\" data-element_type=\"container\">\n\t\t\t\t\t<div class=\"e-con-inner\">\n\t\t\t\t<div class=\"elementor-element elementor-element-7aacaeb elementor-widget elementor-widget-text-editor\" data-id=\"7aacaeb\" data-element_type=\"widget\" data-widget_type=\"text-editor.default\">\n\t\t\t\t<div class=\"elementor-widget-container\">\n\t\t\t<style>\/*! elementor - v3.21.0 - 26-05-2024 *\/\n.elementor-widget-text-editor.elementor-drop-cap-view-stacked .elementor-drop-cap{background-color:#69727d;color:#fff}.elementor-widget-text-editor.elementor-drop-cap-view-framed .elementor-drop-cap{color:#69727d;border:3px solid;background-color:transparent}.elementor-widget-text-editor:not(.elementor-drop-cap-view-default) .elementor-drop-cap{margin-top:8px}.elementor-widget-text-editor:not(.elementor-drop-cap-view-default) .elementor-drop-cap-letter{width:1em;height:1em}.elementor-widget-text-editor .elementor-drop-cap{float:left;text-align:center;line-height:1;font-size:50px}.elementor-widget-text-editor .elementor-drop-cap-letter{display:inline-block}<\/style>\t\t\t\t<table>\n    <tr>\n        <td style=\"background-color: #f2f2f2;\">Ablauf Referendumsfrist<\/td>\n        <td>18.04.2024<\/td>\n    <\/tr>\n    <tr>\n        <td style=\"background-color: #f2f2f2;\">Beschluss des Parlaments<\/td>\n        <td>22.12.2023<\/td>\n    <\/tr>\n<\/table>\n\t\t\t\t\t\t<\/div>\n\t\t\t\t<\/div>\n\t\t\t\t\t<\/div>\n\t\t\t\t<\/div>\n\t\t<div class=\"elementor-element elementor-element-1de955e e-flex e-con-boxed e-con e-parent\" data-id=\"1de955e\" data-element_type=\"container\">\n\t\t\t\t\t<div class=\"e-con-inner\">\n\t\t\t\t<div class=\"elementor-element elementor-element-551b1b5 elementor-widget elementor-widget-text-editor\" data-id=\"551b1b5\" data-element_type=\"widget\" data-widget_type=\"text-editor.default\">\n\t\t\t\t<div class=\"elementor-widget-container\">\n\t\t\t\t\t\t\t<p>Lorem ipsum dolor sit amet, consectetur adipiscing elit, sed do eiusmod tempor incididunt ut labore et dolore magna aliqua. Sed libero enim sed faucibus. Pellentesque habitant morbi tristique senectus et netus. Lorem ipsum dolor sit amet. Duis convallis convallis tellus id interdum velit laoreet id donec. In vitae turpis massa sed elementum. In eu mi bibendum neque egestas congue quisque egestas diam. Risus nullam eget felis eget nunc lobortis mattis aliquam. Ornare aenean euismod elementum nisi quis eleifend quam adipiscing. Consectetur adipiscing elit pellentesque habitant morbi. Tempus urna et pharetra pharetra massa massa ultricies mi. Turpis massa sed elementum tempus egestas. Est ultricies integer quis auctor elit sed vulputate mi sit. Urna condimentum mattis pellentesque id. Pellentesque pulvinar pellentesque habitant morbi. Adipiscing bibendum est ultricies integer quis auctor elit. Congue mauris rhoncus aenean vel elit scelerisque mauris. Pulvinar pellentesque habitant morbi tristique senectus et netus. Consectetur lorem donec massa sapien faucibus.<\/p>\t\t\t\t\t\t<\/div>\n\t\t\t\t<\/div>\n\t\t\t\t\t<\/div>\n\t\t\t\t<\/div>\n\t\t\t\t<\/div>","protected":false},"excerpt":{"rendered":"<p>Ablauf Referendumsfrist 18.04.2024 Beschluss des Parlaments 22.12.2023 Lorem ipsum dolor sit amet, consectetur adipiscing elit, sed do eiusmod tempor incididunt ut labore et dolore magna aliqua. Sed libero enim sed faucibus. Pellentesque habitant morbi tristique senectus et netus. Lorem ipsum dolor sit amet. Duis convallis convallis tellus id interdum velit laoreet id donec. In vitae [&hellip;]<\/p>","protected":false},"author":1,"featured_media":0,"comment_status":"closed","ping_status":"closed","sticky":false,"template":"","format":"standard","meta":{"_acf_changed":false,"footnotes":""},"categories":[1],"tags":[],"class_list":["post-2296","post","type-post","status-publish","format-standard","hentry","category-allgemein"],"blocksy_meta":[],"acf":[],"yoast_head":"<!-- This site is optimized with the Yoast SEO plugin v22.8 - https:\/\/yoast.com\/wordpress\/plugins\/seo\/ -->\n<title>Bundesbeschluss \u00fcber die Genehmigung des Strassburger \u00dcbereinkommens von 2012 \u00fcber die Beschr\u00e4nkung der Haftung in der Binnenschifffahrt und \u00fcber seine Umsetzung - 100k<\/title>\n<meta name=\"robots\" content=\"index, follow, max-snippet:-1, max-image-preview:large, max-video-preview:-1\" \/>\n<link rel=\"canonical\" href=\"https:\/\/100k.verfassungsfreunde.ch\/it\/bundesbeschluss-ueber-die-genehmigung-des-strassburger-uebereinkommens-von-2012-ueber-die-beschraenkung-der-haftung-in-der-binnenschifffahrt-und-ueber-seine-umsetzung\/\" \/>\n<meta property=\"og:locale\" content=\"it_IT\" \/>\n<meta property=\"og:type\" content=\"article\" \/>\n<meta property=\"og:title\" content=\"Bundesbeschluss \u00fcber die Genehmigung des Strassburger \u00dcbereinkommens von 2012 \u00fcber die Beschr\u00e4nkung der Haftung in der Binnenschifffahrt und \u00fcber seine Umsetzung - 100k\" \/>\n<meta property=\"og:description\" content=\"Ablauf Referendumsfrist 18.04.2024 Beschluss des Parlaments 22.12.2023 Lorem ipsum dolor sit amet, consectetur adipiscing elit, sed do eiusmod tempor incididunt ut labore et dolore magna aliqua. Sed libero enim sed faucibus. Pellentesque habitant morbi tristique senectus et netus. Lorem ipsum dolor sit amet. Duis convallis convallis tellus id interdum velit laoreet id donec. In vitae [&hellip;]\" \/>\n<meta property=\"og:url\" content=\"https:\/\/100k.verfassungsfreunde.ch\/it\/bundesbeschluss-ueber-die-genehmigung-des-strassburger-uebereinkommens-von-2012-ueber-die-beschraenkung-der-haftung-in-der-binnenschifffahrt-und-ueber-seine-umsetzung\/\" \/>\n<meta property=\"og:site_name\" content=\"100k\" \/>\n<meta property=\"article:publisher\" content=\"https:\/\/www.facebook.com\/verfassungsfreunde.ch\" \/>\n<meta property=\"article:published_time\" content=\"2024-01-10T15:47:39+00:00\" \/>\n<meta property=\"article:modified_time\" content=\"2024-01-11T10:49:01+00:00\" \/>\n<meta name=\"author\" content=\"azan.admin\" \/>\n<meta name=\"twitter:card\" content=\"summary_large_image\" \/>\n<meta name=\"twitter:creator\" content=\"@FdVerfassung\" \/>\n<meta name=\"twitter:site\" content=\"@FdVerfassung\" \/>\n<meta name=\"twitter:label1\" content=\"Scritto da\" \/>\n\t<meta name=\"twitter:data1\" content=\"azan.admin\" \/>\n\t<meta name=\"twitter:label2\" content=\"Tempo di lettura stimato\" \/>\n\t<meta name=\"twitter:data2\" content=\"1 minuto\" \/>\n<script type=\"application\/ld+json\" class=\"yoast-schema-graph\">{\"@context\":\"https:\/\/schema.org\",\"@graph\":[{\"@type\":\"Article\",\"@id\":\"https:\/\/100k.verfassungsfreunde.ch\/bundesbeschluss-ueber-die-genehmigung-des-strassburger-uebereinkommens-von-2012-ueber-die-beschraenkung-der-haftung-in-der-binnenschifffahrt-und-ueber-seine-umsetzung\/#article\",\"isPartOf\":{\"@id\":\"https:\/\/100k.verfassungsfreunde.ch\/bundesbeschluss-ueber-die-genehmigung-des-strassburger-uebereinkommens-von-2012-ueber-die-beschraenkung-der-haftung-in-der-binnenschifffahrt-und-ueber-seine-umsetzung\/\"},\"author\":{\"name\":\"azan.admin\",\"@id\":\"https:\/\/100k.verfassungsfreunde.ch\/#\/schema\/person\/418b820612daeace83a81bcc8f5f3207\"},\"headline\":\"Bundesbeschluss \u00fcber die Genehmigung des Strassburger \u00dcbereinkommens von 2012 \u00fcber die Beschr\u00e4nkung der Haftung in der Binnenschifffahrt und \u00fcber seine Umsetzung\",\"datePublished\":\"2024-01-10T15:47:39+00:00\",\"dateModified\":\"2024-01-11T10:49:01+00:00\",\"mainEntityOfPage\":{\"@id\":\"https:\/\/100k.verfassungsfreunde.ch\/bundesbeschluss-ueber-die-genehmigung-des-strassburger-uebereinkommens-von-2012-ueber-die-beschraenkung-der-haftung-in-der-binnenschifffahrt-und-ueber-seine-umsetzung\/\"},\"wordCount\":177,\"publisher\":{\"@id\":\"https:\/\/100k.verfassungsfreunde.ch\/#organization\"},\"articleSection\":[\"Allgemein\"],\"inLanguage\":\"it-IT\"},{\"@type\":\"WebPage\",\"@id\":\"https:\/\/100k.verfassungsfreunde.ch\/bundesbeschluss-ueber-die-genehmigung-des-strassburger-uebereinkommens-von-2012-ueber-die-beschraenkung-der-haftung-in-der-binnenschifffahrt-und-ueber-seine-umsetzung\/\",\"url\":\"https:\/\/100k.verfassungsfreunde.ch\/bundesbeschluss-ueber-die-genehmigung-des-strassburger-uebereinkommens-von-2012-ueber-die-beschraenkung-der-haftung-in-der-binnenschifffahrt-und-ueber-seine-umsetzung\/\",\"name\":\"Bundesbeschluss \u00fcber die Genehmigung des Strassburger \u00dcbereinkommens von 2012 \u00fcber die Beschr\u00e4nkung der Haftung in der Binnenschifffahrt und \u00fcber seine Umsetzung - 100k\",\"isPartOf\":{\"@id\":\"https:\/\/100k.verfassungsfreunde.ch\/#website\"},\"datePublished\":\"2024-01-10T15:47:39+00:00\",\"dateModified\":\"2024-01-11T10:49:01+00:00\",\"breadcrumb\":{\"@id\":\"https:\/\/100k.verfassungsfreunde.ch\/bundesbeschluss-ueber-die-genehmigung-des-strassburger-uebereinkommens-von-2012-ueber-die-beschraenkung-der-haftung-in-der-binnenschifffahrt-und-ueber-seine-umsetzung\/#breadcrumb\"},\"inLanguage\":\"it-IT\",\"potentialAction\":[{\"@type\":\"ReadAction\",\"target\":[\"https:\/\/100k.verfassungsfreunde.ch\/bundesbeschluss-ueber-die-genehmigung-des-strassburger-uebereinkommens-von-2012-ueber-die-beschraenkung-der-haftung-in-der-binnenschifffahrt-und-ueber-seine-umsetzung\/\"]}]},{\"@type\":\"BreadcrumbList\",\"@id\":\"https:\/\/100k.verfassungsfreunde.ch\/bundesbeschluss-ueber-die-genehmigung-des-strassburger-uebereinkommens-von-2012-ueber-die-beschraenkung-der-haftung-in-der-binnenschifffahrt-und-ueber-seine-umsetzung\/#breadcrumb\",\"itemListElement\":[{\"@type\":\"ListItem\",\"position\":1,\"name\":\"Home\",\"item\":\"https:\/\/100k.verfassungsfreunde.ch\/\"},{\"@type\":\"ListItem\",\"position\":2,\"name\":\"Bundesbeschluss \u00fcber die Genehmigung des Strassburger \u00dcbereinkommens von 2012 \u00fcber die Beschr\u00e4nkung der Haftung in der Binnenschifffahrt und \u00fcber seine Umsetzung\"}]},{\"@type\":\"WebSite\",\"@id\":\"https:\/\/100k.verfassungsfreunde.ch\/#website\",\"url\":\"https:\/\/100k.verfassungsfreunde.ch\/\",\"name\":\"100k\",\"description\":\"\",\"publisher\":{\"@id\":\"https:\/\/100k.verfassungsfreunde.ch\/#organization\"},\"potentialAction\":[{\"@type\":\"SearchAction\",\"target\":{\"@type\":\"EntryPoint\",\"urlTemplate\":\"https:\/\/100k.verfassungsfreunde.ch\/?s={search_term_string}\"},\"query-input\":\"required name=search_term_string\"}],\"inLanguage\":\"it-IT\"},{\"@type\":\"Organization\",\"@id\":\"https:\/\/100k.verfassungsfreunde.ch\/#organization\",\"name\":\"100k\",\"url\":\"https:\/\/100k.verfassungsfreunde.ch\/\",\"logo\":{\"@type\":\"ImageObject\",\"inLanguage\":\"it-IT\",\"@id\":\"https:\/\/100k.verfassungsfreunde.ch\/#\/schema\/logo\/image\/\",\"url\":\"https:\/\/100k.verfassungsfreunde.ch\/wp-content\/uploads\/2024\/05\/100k_Logo.png\",\"contentUrl\":\"https:\/\/100k.verfassungsfreunde.ch\/wp-content\/uploads\/2024\/05\/100k_Logo.png\",\"width\":1327,\"height\":683,\"caption\":\"100k\"},\"image\":{\"@id\":\"https:\/\/100k.verfassungsfreunde.ch\/#\/schema\/logo\/image\/\"},\"sameAs\":[\"https:\/\/www.facebook.com\/verfassungsfreunde.ch\",\"https:\/\/x.com\/FdVerfassung\"]},{\"@type\":\"Person\",\"@id\":\"https:\/\/100k.verfassungsfreunde.ch\/#\/schema\/person\/418b820612daeace83a81bcc8f5f3207\",\"name\":\"azan.admin\",\"image\":{\"@type\":\"ImageObject\",\"inLanguage\":\"it-IT\",\"@id\":\"https:\/\/100k.verfassungsfreunde.ch\/#\/schema\/person\/image\/\",\"url\":\"https:\/\/secure.gravatar.com\/avatar\/fd111f4c348e2f18eb7bc9ad614d0155e4f8b41653e0d84a7daae88b4ece5697?s=96&d=mm&r=g\",\"contentUrl\":\"https:\/\/secure.gravatar.com\/avatar\/fd111f4c348e2f18eb7bc9ad614d0155e4f8b41653e0d84a7daae88b4ece5697?s=96&d=mm&r=g\",\"caption\":\"azan.admin\"},\"sameAs\":[\"https:\/\/test.100k.verfassungsfreunde.ch\"],\"url\":\"https:\/\/100k.verfassungsfreunde.ch\/it\/author\/azan-admin\/\"}]}<\/script>\n<!-- \/ Yoast SEO plugin. -->","yoast_head_json":{"title":"Bundesbeschluss \u00fcber die Genehmigung des Strassburger \u00dcbereinkommens von 2012 \u00fcber die Beschr\u00e4nkung der Haftung in der Binnenschifffahrt und \u00fcber seine Umsetzung - 100k","robots":{"index":"index","follow":"follow","max-snippet":"max-snippet:-1","max-image-preview":"max-image-preview:large","max-video-preview":"max-video-preview:-1"},"canonical":"https:\/\/100k.verfassungsfreunde.ch\/it\/bundesbeschluss-ueber-die-genehmigung-des-strassburger-uebereinkommens-von-2012-ueber-die-beschraenkung-der-haftung-in-der-binnenschifffahrt-und-ueber-seine-umsetzung\/","og_locale":"it_IT","og_type":"article","og_title":"Bundesbeschluss \u00fcber die Genehmigung des Strassburger \u00dcbereinkommens von 2012 \u00fcber die Beschr\u00e4nkung der Haftung in der Binnenschifffahrt und \u00fcber seine Umsetzung - 100k","og_description":"Ablauf Referendumsfrist 18.04.2024 Beschluss des Parlaments 22.12.2023 Lorem ipsum dolor sit amet, consectetur adipiscing elit, sed do eiusmod tempor incididunt ut labore et dolore magna aliqua. Sed libero enim sed faucibus. Pellentesque habitant morbi tristique senectus et netus. Lorem ipsum dolor sit amet. Duis convallis convallis tellus id interdum velit laoreet id donec. In vitae [&hellip;]","og_url":"https:\/\/100k.verfassungsfreunde.ch\/it\/bundesbeschluss-ueber-die-genehmigung-des-strassburger-uebereinkommens-von-2012-ueber-die-beschraenkung-der-haftung-in-der-binnenschifffahrt-und-ueber-seine-umsetzung\/","og_site_name":"100k","article_publisher":"https:\/\/www.facebook.com\/verfassungsfreunde.ch","article_published_time":"2024-01-10T15:47:39+00:00","article_modified_time":"2024-01-11T10:49:01+00:00","author":"azan.admin","twitter_card":"summary_large_image","twitter_creator":"@FdVerfassung","twitter_site":"@FdVerfassung","twitter_misc":{"Scritto da":"azan.admin","Tempo di lettura stimato":"1 minuto"},"schema":{"@context":"https:\/\/schema.org","@graph":[{"@type":"Article","@id":"https:\/\/100k.verfassungsfreunde.ch\/bundesbeschluss-ueber-die-genehmigung-des-strassburger-uebereinkommens-von-2012-ueber-die-beschraenkung-der-haftung-in-der-binnenschifffahrt-und-ueber-seine-umsetzung\/#article","isPartOf":{"@id":"https:\/\/100k.verfassungsfreunde.ch\/bundesbeschluss-ueber-die-genehmigung-des-strassburger-uebereinkommens-von-2012-ueber-die-beschraenkung-der-haftung-in-der-binnenschifffahrt-und-ueber-seine-umsetzung\/"},"author":{"name":"azan.admin","@id":"https:\/\/100k.verfassungsfreunde.ch\/#\/schema\/person\/418b820612daeace83a81bcc8f5f3207"},"headline":"Bundesbeschluss \u00fcber die Genehmigung des Strassburger \u00dcbereinkommens von 2012 \u00fcber die Beschr\u00e4nkung der Haftung in der Binnenschifffahrt und \u00fcber seine Umsetzung","datePublished":"2024-01-10T15:47:39+00:00","dateModified":"2024-01-11T10:49:01+00:00","mainEntityOfPage":{"@id":"https:\/\/100k.verfassungsfreunde.ch\/bundesbeschluss-ueber-die-genehmigung-des-strassburger-uebereinkommens-von-2012-ueber-die-beschraenkung-der-haftung-in-der-binnenschifffahrt-und-ueber-seine-umsetzung\/"},"wordCount":177,"publisher":{"@id":"https:\/\/100k.verfassungsfreunde.ch\/#organization"},"articleSection":["Allgemein"],"inLanguage":"it-IT"},{"@type":"WebPage","@id":"https:\/\/100k.verfassungsfreunde.ch\/bundesbeschluss-ueber-die-genehmigung-des-strassburger-uebereinkommens-von-2012-ueber-die-beschraenkung-der-haftung-in-der-binnenschifffahrt-und-ueber-seine-umsetzung\/","url":"https:\/\/100k.verfassungsfreunde.ch\/bundesbeschluss-ueber-die-genehmigung-des-strassburger-uebereinkommens-von-2012-ueber-die-beschraenkung-der-haftung-in-der-binnenschifffahrt-und-ueber-seine-umsetzung\/","name":"Bundesbeschluss \u00fcber die Genehmigung des Strassburger \u00dcbereinkommens von 2012 \u00fcber die Beschr\u00e4nkung der Haftung in der Binnenschifffahrt und \u00fcber seine Umsetzung - 100k","isPartOf":{"@id":"https:\/\/100k.verfassungsfreunde.ch\/#website"},"datePublished":"2024-01-10T15:47:39+00:00","dateModified":"2024-01-11T10:49:01+00:00","breadcrumb":{"@id":"https:\/\/100k.verfassungsfreunde.ch\/bundesbeschluss-ueber-die-genehmigung-des-strassburger-uebereinkommens-von-2012-ueber-die-beschraenkung-der-haftung-in-der-binnenschifffahrt-und-ueber-seine-umsetzung\/#breadcrumb"},"inLanguage":"it-IT","potentialAction":[{"@type":"ReadAction","target":["https:\/\/100k.verfassungsfreunde.ch\/bundesbeschluss-ueber-die-genehmigung-des-strassburger-uebereinkommens-von-2012-ueber-die-beschraenkung-der-haftung-in-der-binnenschifffahrt-und-ueber-seine-umsetzung\/"]}]},{"@type":"BreadcrumbList","@id":"https:\/\/100k.verfassungsfreunde.ch\/bundesbeschluss-ueber-die-genehmigung-des-strassburger-uebereinkommens-von-2012-ueber-die-beschraenkung-der-haftung-in-der-binnenschifffahrt-und-ueber-seine-umsetzung\/#breadcrumb","itemListElement":[{"@type":"ListItem","position":1,"name":"Home","item":"https:\/\/100k.verfassungsfreunde.ch\/"},{"@type":"ListItem","position":2,"name":"Bundesbeschluss \u00fcber die Genehmigung des Strassburger \u00dcbereinkommens von 2012 \u00fcber die Beschr\u00e4nkung der Haftung in der Binnenschifffahrt und \u00fcber seine Umsetzung"}]},{"@type":"WebSite","@id":"https:\/\/100k.verfassungsfreunde.ch\/#website","url":"https:\/\/100k.verfassungsfreunde.ch\/","name":"100k","description":"","publisher":{"@id":"https:\/\/100k.verfassungsfreunde.ch\/#organization"},"potentialAction":[{"@type":"SearchAction","target":{"@type":"EntryPoint","urlTemplate":"https:\/\/100k.verfassungsfreunde.ch\/?s={search_term_string}"},"query-input":"required name=search_term_string"}],"inLanguage":"it-IT"},{"@type":"Organization","@id":"https:\/\/100k.verfassungsfreunde.ch\/#organization","name":"100k","url":"https:\/\/100k.verfassungsfreunde.ch\/","logo":{"@type":"ImageObject","inLanguage":"it-IT","@id":"https:\/\/100k.verfassungsfreunde.ch\/#\/schema\/logo\/image\/","url":"https:\/\/100k.verfassungsfreunde.ch\/wp-content\/uploads\/2024\/05\/100k_Logo.png","contentUrl":"https:\/\/100k.verfassungsfreunde.ch\/wp-content\/uploads\/2024\/05\/100k_Logo.png","width":1327,"height":683,"caption":"100k"},"image":{"@id":"https:\/\/100k.verfassungsfreunde.ch\/#\/schema\/logo\/image\/"},"sameAs":["https:\/\/www.facebook.com\/verfassungsfreunde.ch","https:\/\/x.com\/FdVerfassung"]},{"@type":"Person","@id":"https:\/\/100k.verfassungsfreunde.ch\/#\/schema\/person\/418b820612daeace83a81bcc8f5f3207","name":"azan.admin","image":{"@type":"ImageObject","inLanguage":"it-IT","@id":"https:\/\/100k.verfassungsfreunde.ch\/#\/schema\/person\/image\/","url":"https:\/\/secure.gravatar.com\/avatar\/fd111f4c348e2f18eb7bc9ad614d0155e4f8b41653e0d84a7daae88b4ece5697?s=96&d=mm&r=g","contentUrl":"https:\/\/secure.gravatar.com\/avatar\/fd111f4c348e2f18eb7bc9ad614d0155e4f8b41653e0d84a7daae88b4ece5697?s=96&d=mm&r=g","caption":"azan.admin"},"sameAs":["https:\/\/test.100k.verfassungsfreunde.ch"],"url":"https:\/\/100k.verfassungsfreunde.ch\/it\/author\/azan-admin\/"}]}},"_links":{"self":[{"href":"https:\/\/100k.verfassungsfreunde.ch\/it\/wp-json\/wp\/v2\/posts\/2296","targetHints":{"allow":["GET"]}}],"collection":[{"href":"https:\/\/100k.verfassungsfreunde.ch\/it\/wp-json\/wp\/v2\/posts"}],"about":[{"href":"https:\/\/100k.verfassungsfreunde.ch\/it\/wp-json\/wp\/v2\/types\/post"}],"author":[{"embeddable":true,"href":"https:\/\/100k.verfassungsfreunde.ch\/it\/wp-json\/wp\/v2\/users\/1"}],"replies":[{"embeddable":true,"href":"https:\/\/100k.verfassungsfreunde.ch\/it\/wp-json\/wp\/v2\/comments?post=2296"}],"version-history":[{"count":36,"href":"https:\/\/100k.verfassungsfreunde.ch\/it\/wp-json\/wp\/v2\/posts\/2296\/revisions"}],"predecessor-version":[{"id":2404,"href":"https:\/\/100k.verfassungsfreunde.ch\/it\/wp-json\/wp\/v2\/posts\/2296\/revisions\/2404"}],"wp:attachment":[{"href":"https:\/\/100k.verfassungsfreunde.ch\/it\/wp-json\/wp\/v2\/media?parent=2296"}],"wp:term":[{"taxonomy":"category","embeddable":true,"href":"https:\/\/100k.verfassungsfreunde.ch\/it\/wp-json\/wp\/v2\/categories?post=2296"},{"taxonomy":"post_tag","embeddable":true,"href":"https:\/\/100k.verfassungsfreunde.ch\/it\/wp-json\/wp\/v2\/tags?post=2296"}],"curies":[{"name":"wp","href":"https:\/\/api.w.org\/{rel}","templated":true}]}}