{"id":2294,"date":"2024-01-10T16:47:14","date_gmt":"2024-01-10T15:47:14","guid":{"rendered":"https:\/\/test.100k.verfassungsfreunde.ch\/?p=2294"},"modified":"2024-01-11T15:29:02","modified_gmt":"2024-01-11T14:29:02","slug":"bundesgesetz-ueber-die-einfuehrung-eines-vereinfachten-verfahrens-zur-vernichtung-von-kleinsendungen-im-immaterialgueterrecht","status":"publish","type":"post","link":"https:\/\/100k.verfassungsfreunde.ch\/fr\/bundesgesetz-ueber-die-einfuehrung-eines-vereinfachten-verfahrens-zur-vernichtung-von-kleinsendungen-im-immaterialgueterrecht\/","title":{"rendered":"Bundesgesetz \u00fcber die Einf\u00fchrung eines vereinfachten Verfahrens zur Vernichtung von Kleinsendungen im Immaterialg\u00fcterrecht"},"content":{"rendered":"","protected":false},"excerpt":{"rendered":"","protected":false},"author":1,"featured_media":0,"comment_status":"open","ping_status":"open","sticky":false,"template":"","format":"standard","meta":{"_acf_changed":false,"footnotes":""},"categories":[1],"tags":[],"class_list":["post-2294","post","type-post","status-publish","format-standard","hentry","category-allgemein"],"blocksy_meta":[],"acf":[],"yoast_head":"<!-- This site is optimized with the Yoast SEO plugin v22.8 - https:\/\/yoast.com\/wordpress\/plugins\/seo\/ -->\n<title>Bundesgesetz \u00fcber die Einf\u00fchrung eines vereinfachten Verfahrens zur Vernichtung von Kleinsendungen im Immaterialg\u00fcterrecht - 100k<\/title>\n<meta name=\"robots\" content=\"index, follow, max-snippet:-1, max-image-preview:large, max-video-preview:-1\" \/>\n<link rel=\"canonical\" href=\"https:\/\/100k.verfassungsfreunde.ch\/fr\/bundesgesetz-ueber-die-einfuehrung-eines-vereinfachten-verfahrens-zur-vernichtung-von-kleinsendungen-im-immaterialgueterrecht\/\" \/>\n<meta property=\"og:locale\" content=\"fr_FR\" \/>\n<meta property=\"og:type\" content=\"article\" \/>\n<meta property=\"og:title\" content=\"Bundesgesetz \u00fcber die Einf\u00fchrung eines vereinfachten Verfahrens zur Vernichtung von Kleinsendungen im Immaterialg\u00fcterrecht - 100k\" \/>\n<meta property=\"og:url\" content=\"https:\/\/100k.verfassungsfreunde.ch\/fr\/bundesgesetz-ueber-die-einfuehrung-eines-vereinfachten-verfahrens-zur-vernichtung-von-kleinsendungen-im-immaterialgueterrecht\/\" \/>\n<meta property=\"og:site_name\" content=\"100k\" \/>\n<meta property=\"article:publisher\" content=\"https:\/\/www.facebook.com\/verfassungsfreunde.ch\" \/>\n<meta property=\"article:published_time\" content=\"2024-01-10T15:47:14+00:00\" \/>\n<meta property=\"article:modified_time\" content=\"2024-01-11T14:29:02+00:00\" \/>\n<meta name=\"author\" content=\"azan.admin\" \/>\n<meta name=\"twitter:card\" content=\"summary_large_image\" \/>\n<meta name=\"twitter:creator\" content=\"@FdVerfassung\" \/>\n<meta name=\"twitter:site\" content=\"@FdVerfassung\" \/>\n<meta name=\"twitter:label1\" content=\"\u00c9crit par\" \/>\n\t<meta name=\"twitter:data1\" content=\"azan.admin\" \/>\n<script type=\"application\/ld+json\" class=\"yoast-schema-graph\">{\"@context\":\"https:\/\/schema.org\",\"@graph\":[{\"@type\":\"Article\",\"@id\":\"https:\/\/100k.verfassungsfreunde.ch\/bundesgesetz-ueber-die-einfuehrung-eines-vereinfachten-verfahrens-zur-vernichtung-von-kleinsendungen-im-immaterialgueterrecht\/#article\",\"isPartOf\":{\"@id\":\"https:\/\/100k.verfassungsfreunde.ch\/bundesgesetz-ueber-die-einfuehrung-eines-vereinfachten-verfahrens-zur-vernichtung-von-kleinsendungen-im-immaterialgueterrecht\/\"},\"author\":{\"name\":\"azan.admin\",\"@id\":\"https:\/\/100k.verfassungsfreunde.ch\/#\/schema\/person\/418b820612daeace83a81bcc8f5f3207\"},\"headline\":\"Bundesgesetz \u00fcber die Einf\u00fchrung eines vereinfachten Verfahrens zur Vernichtung von Kleinsendungen im Immaterialg\u00fcterrecht\",\"datePublished\":\"2024-01-10T15:47:14+00:00\",\"dateModified\":\"2024-01-11T14:29:02+00:00\",\"mainEntityOfPage\":{\"@id\":\"https:\/\/100k.verfassungsfreunde.ch\/bundesgesetz-ueber-die-einfuehrung-eines-vereinfachten-verfahrens-zur-vernichtung-von-kleinsendungen-im-immaterialgueterrecht\/\"},\"wordCount\":15,\"commentCount\":0,\"publisher\":{\"@id\":\"https:\/\/100k.verfassungsfreunde.ch\/#organization\"},\"articleSection\":[\"Allgemein\"],\"inLanguage\":\"fr-FR\",\"potentialAction\":[{\"@type\":\"CommentAction\",\"name\":\"Comment\",\"target\":[\"https:\/\/100k.verfassungsfreunde.ch\/bundesgesetz-ueber-die-einfuehrung-eines-vereinfachten-verfahrens-zur-vernichtung-von-kleinsendungen-im-immaterialgueterrecht\/#respond\"]}]},{\"@type\":\"WebPage\",\"@id\":\"https:\/\/100k.verfassungsfreunde.ch\/bundesgesetz-ueber-die-einfuehrung-eines-vereinfachten-verfahrens-zur-vernichtung-von-kleinsendungen-im-immaterialgueterrecht\/\",\"url\":\"https:\/\/100k.verfassungsfreunde.ch\/bundesgesetz-ueber-die-einfuehrung-eines-vereinfachten-verfahrens-zur-vernichtung-von-kleinsendungen-im-immaterialgueterrecht\/\",\"name\":\"Bundesgesetz \u00fcber die Einf\u00fchrung eines vereinfachten Verfahrens zur Vernichtung von Kleinsendungen im Immaterialg\u00fcterrecht - 100k\",\"isPartOf\":{\"@id\":\"https:\/\/100k.verfassungsfreunde.ch\/#website\"},\"datePublished\":\"2024-01-10T15:47:14+00:00\",\"dateModified\":\"2024-01-11T14:29:02+00:00\",\"breadcrumb\":{\"@id\":\"https:\/\/100k.verfassungsfreunde.ch\/bundesgesetz-ueber-die-einfuehrung-eines-vereinfachten-verfahrens-zur-vernichtung-von-kleinsendungen-im-immaterialgueterrecht\/#breadcrumb\"},\"inLanguage\":\"fr-FR\",\"potentialAction\":[{\"@type\":\"ReadAction\",\"target\":[\"https:\/\/100k.verfassungsfreunde.ch\/bundesgesetz-ueber-die-einfuehrung-eines-vereinfachten-verfahrens-zur-vernichtung-von-kleinsendungen-im-immaterialgueterrecht\/\"]}]},{\"@type\":\"BreadcrumbList\",\"@id\":\"https:\/\/100k.verfassungsfreunde.ch\/bundesgesetz-ueber-die-einfuehrung-eines-vereinfachten-verfahrens-zur-vernichtung-von-kleinsendungen-im-immaterialgueterrecht\/#breadcrumb\",\"itemListElement\":[{\"@type\":\"ListItem\",\"position\":1,\"name\":\"Home\",\"item\":\"https:\/\/100k.verfassungsfreunde.ch\/\"},{\"@type\":\"ListItem\",\"position\":2,\"name\":\"Bundesgesetz \u00fcber die Einf\u00fchrung eines vereinfachten Verfahrens zur Vernichtung von Kleinsendungen im Immaterialg\u00fcterrecht\"}]},{\"@type\":\"WebSite\",\"@id\":\"https:\/\/100k.verfassungsfreunde.ch\/#website\",\"url\":\"https:\/\/100k.verfassungsfreunde.ch\/\",\"name\":\"100k\",\"description\":\"\",\"publisher\":{\"@id\":\"https:\/\/100k.verfassungsfreunde.ch\/#organization\"},\"potentialAction\":[{\"@type\":\"SearchAction\",\"target\":{\"@type\":\"EntryPoint\",\"urlTemplate\":\"https:\/\/100k.verfassungsfreunde.ch\/?s={search_term_string}\"},\"query-input\":\"required name=search_term_string\"}],\"inLanguage\":\"fr-FR\"},{\"@type\":\"Organization\",\"@id\":\"https:\/\/100k.verfassungsfreunde.ch\/#organization\",\"name\":\"100k\",\"url\":\"https:\/\/100k.verfassungsfreunde.ch\/\",\"logo\":{\"@type\":\"ImageObject\",\"inLanguage\":\"fr-FR\",\"@id\":\"https:\/\/100k.verfassungsfreunde.ch\/#\/schema\/logo\/image\/\",\"url\":\"https:\/\/100k.verfassungsfreunde.ch\/wp-content\/uploads\/2024\/05\/100k_Logo.png\",\"contentUrl\":\"https:\/\/100k.verfassungsfreunde.ch\/wp-content\/uploads\/2024\/05\/100k_Logo.png\",\"width\":1327,\"height\":683,\"caption\":\"100k\"},\"image\":{\"@id\":\"https:\/\/100k.verfassungsfreunde.ch\/#\/schema\/logo\/image\/\"},\"sameAs\":[\"https:\/\/www.facebook.com\/verfassungsfreunde.ch\",\"https:\/\/x.com\/FdVerfassung\"]},{\"@type\":\"Person\",\"@id\":\"https:\/\/100k.verfassungsfreunde.ch\/#\/schema\/person\/418b820612daeace83a81bcc8f5f3207\",\"name\":\"azan.admin\",\"image\":{\"@type\":\"ImageObject\",\"inLanguage\":\"fr-FR\",\"@id\":\"https:\/\/100k.verfassungsfreunde.ch\/#\/schema\/person\/image\/\",\"url\":\"https:\/\/secure.gravatar.com\/avatar\/fd111f4c348e2f18eb7bc9ad614d0155e4f8b41653e0d84a7daae88b4ece5697?s=96&d=mm&r=g\",\"contentUrl\":\"https:\/\/secure.gravatar.com\/avatar\/fd111f4c348e2f18eb7bc9ad614d0155e4f8b41653e0d84a7daae88b4ece5697?s=96&d=mm&r=g\",\"caption\":\"azan.admin\"},\"sameAs\":[\"https:\/\/test.100k.verfassungsfreunde.ch\"],\"url\":\"https:\/\/100k.verfassungsfreunde.ch\/fr\/author\/azan-admin\/\"}]}<\/script>\n<!-- \/ Yoast SEO plugin. -->","yoast_head_json":{"title":"Bundesgesetz \u00fcber die Einf\u00fchrung eines vereinfachten Verfahrens zur Vernichtung von Kleinsendungen im Immaterialg\u00fcterrecht - 100k","robots":{"index":"index","follow":"follow","max-snippet":"max-snippet:-1","max-image-preview":"max-image-preview:large","max-video-preview":"max-video-preview:-1"},"canonical":"https:\/\/100k.verfassungsfreunde.ch\/fr\/bundesgesetz-ueber-die-einfuehrung-eines-vereinfachten-verfahrens-zur-vernichtung-von-kleinsendungen-im-immaterialgueterrecht\/","og_locale":"fr_FR","og_type":"article","og_title":"Bundesgesetz \u00fcber die Einf\u00fchrung eines vereinfachten Verfahrens zur Vernichtung von Kleinsendungen im Immaterialg\u00fcterrecht - 100k","og_url":"https:\/\/100k.verfassungsfreunde.ch\/fr\/bundesgesetz-ueber-die-einfuehrung-eines-vereinfachten-verfahrens-zur-vernichtung-von-kleinsendungen-im-immaterialgueterrecht\/","og_site_name":"100k","article_publisher":"https:\/\/www.facebook.com\/verfassungsfreunde.ch","article_published_time":"2024-01-10T15:47:14+00:00","article_modified_time":"2024-01-11T14:29:02+00:00","author":"azan.admin","twitter_card":"summary_large_image","twitter_creator":"@FdVerfassung","twitter_site":"@FdVerfassung","twitter_misc":{"\u00c9crit par":"azan.admin"},"schema":{"@context":"https:\/\/schema.org","@graph":[{"@type":"Article","@id":"https:\/\/100k.verfassungsfreunde.ch\/bundesgesetz-ueber-die-einfuehrung-eines-vereinfachten-verfahrens-zur-vernichtung-von-kleinsendungen-im-immaterialgueterrecht\/#article","isPartOf":{"@id":"https:\/\/100k.verfassungsfreunde.ch\/bundesgesetz-ueber-die-einfuehrung-eines-vereinfachten-verfahrens-zur-vernichtung-von-kleinsendungen-im-immaterialgueterrecht\/"},"author":{"name":"azan.admin","@id":"https:\/\/100k.verfassungsfreunde.ch\/#\/schema\/person\/418b820612daeace83a81bcc8f5f3207"},"headline":"Bundesgesetz \u00fcber die Einf\u00fchrung eines vereinfachten Verfahrens zur Vernichtung von Kleinsendungen im Immaterialg\u00fcterrecht","datePublished":"2024-01-10T15:47:14+00:00","dateModified":"2024-01-11T14:29:02+00:00","mainEntityOfPage":{"@id":"https:\/\/100k.verfassungsfreunde.ch\/bundesgesetz-ueber-die-einfuehrung-eines-vereinfachten-verfahrens-zur-vernichtung-von-kleinsendungen-im-immaterialgueterrecht\/"},"wordCount":15,"commentCount":0,"publisher":{"@id":"https:\/\/100k.verfassungsfreunde.ch\/#organization"},"articleSection":["Allgemein"],"inLanguage":"fr-FR","potentialAction":[{"@type":"CommentAction","name":"Comment","target":["https:\/\/100k.verfassungsfreunde.ch\/bundesgesetz-ueber-die-einfuehrung-eines-vereinfachten-verfahrens-zur-vernichtung-von-kleinsendungen-im-immaterialgueterrecht\/#respond"]}]},{"@type":"WebPage","@id":"https:\/\/100k.verfassungsfreunde.ch\/bundesgesetz-ueber-die-einfuehrung-eines-vereinfachten-verfahrens-zur-vernichtung-von-kleinsendungen-im-immaterialgueterrecht\/","url":"https:\/\/100k.verfassungsfreunde.ch\/bundesgesetz-ueber-die-einfuehrung-eines-vereinfachten-verfahrens-zur-vernichtung-von-kleinsendungen-im-immaterialgueterrecht\/","name":"Bundesgesetz \u00fcber die Einf\u00fchrung eines vereinfachten Verfahrens zur Vernichtung von Kleinsendungen im Immaterialg\u00fcterrecht - 100k","isPartOf":{"@id":"https:\/\/100k.verfassungsfreunde.ch\/#website"},"datePublished":"2024-01-10T15:47:14+00:00","dateModified":"2024-01-11T14:29:02+00:00","breadcrumb":{"@id":"https:\/\/100k.verfassungsfreunde.ch\/bundesgesetz-ueber-die-einfuehrung-eines-vereinfachten-verfahrens-zur-vernichtung-von-kleinsendungen-im-immaterialgueterrecht\/#breadcrumb"},"inLanguage":"fr-FR","potentialAction":[{"@type":"ReadAction","target":["https:\/\/100k.verfassungsfreunde.ch\/bundesgesetz-ueber-die-einfuehrung-eines-vereinfachten-verfahrens-zur-vernichtung-von-kleinsendungen-im-immaterialgueterrecht\/"]}]},{"@type":"BreadcrumbList","@id":"https:\/\/100k.verfassungsfreunde.ch\/bundesgesetz-ueber-die-einfuehrung-eines-vereinfachten-verfahrens-zur-vernichtung-von-kleinsendungen-im-immaterialgueterrecht\/#breadcrumb","itemListElement":[{"@type":"ListItem","position":1,"name":"Home","item":"https:\/\/100k.verfassungsfreunde.ch\/"},{"@type":"ListItem","position":2,"name":"Bundesgesetz \u00fcber die Einf\u00fchrung eines vereinfachten Verfahrens zur Vernichtung von Kleinsendungen im Immaterialg\u00fcterrecht"}]},{"@type":"WebSite","@id":"https:\/\/100k.verfassungsfreunde.ch\/#website","url":"https:\/\/100k.verfassungsfreunde.ch\/","name":"100k","description":"","publisher":{"@id":"https:\/\/100k.verfassungsfreunde.ch\/#organization"},"potentialAction":[{"@type":"SearchAction","target":{"@type":"EntryPoint","urlTemplate":"https:\/\/100k.verfassungsfreunde.ch\/?s={search_term_string}"},"query-input":"required name=search_term_string"}],"inLanguage":"fr-FR"},{"@type":"Organization","@id":"https:\/\/100k.verfassungsfreunde.ch\/#organization","name":"100k","url":"https:\/\/100k.verfassungsfreunde.ch\/","logo":{"@type":"ImageObject","inLanguage":"fr-FR","@id":"https:\/\/100k.verfassungsfreunde.ch\/#\/schema\/logo\/image\/","url":"https:\/\/100k.verfassungsfreunde.ch\/wp-content\/uploads\/2024\/05\/100k_Logo.png","contentUrl":"https:\/\/100k.verfassungsfreunde.ch\/wp-content\/uploads\/2024\/05\/100k_Logo.png","width":1327,"height":683,"caption":"100k"},"image":{"@id":"https:\/\/100k.verfassungsfreunde.ch\/#\/schema\/logo\/image\/"},"sameAs":["https:\/\/www.facebook.com\/verfassungsfreunde.ch","https:\/\/x.com\/FdVerfassung"]},{"@type":"Person","@id":"https:\/\/100k.verfassungsfreunde.ch\/#\/schema\/person\/418b820612daeace83a81bcc8f5f3207","name":"azan.admin","image":{"@type":"ImageObject","inLanguage":"fr-FR","@id":"https:\/\/100k.verfassungsfreunde.ch\/#\/schema\/person\/image\/","url":"https:\/\/secure.gravatar.com\/avatar\/fd111f4c348e2f18eb7bc9ad614d0155e4f8b41653e0d84a7daae88b4ece5697?s=96&d=mm&r=g","contentUrl":"https:\/\/secure.gravatar.com\/avatar\/fd111f4c348e2f18eb7bc9ad614d0155e4f8b41653e0d84a7daae88b4ece5697?s=96&d=mm&r=g","caption":"azan.admin"},"sameAs":["https:\/\/test.100k.verfassungsfreunde.ch"],"url":"https:\/\/100k.verfassungsfreunde.ch\/fr\/author\/azan-admin\/"}]}},"_links":{"self":[{"href":"https:\/\/100k.verfassungsfreunde.ch\/fr\/wp-json\/wp\/v2\/posts\/2294","targetHints":{"allow":["GET"]}}],"collection":[{"href":"https:\/\/100k.verfassungsfreunde.ch\/fr\/wp-json\/wp\/v2\/posts"}],"about":[{"href":"https:\/\/100k.verfassungsfreunde.ch\/fr\/wp-json\/wp\/v2\/types\/post"}],"author":[{"embeddable":true,"href":"https:\/\/100k.verfassungsfreunde.ch\/fr\/wp-json\/wp\/v2\/users\/1"}],"replies":[{"embeddable":true,"href":"https:\/\/100k.verfassungsfreunde.ch\/fr\/wp-json\/wp\/v2\/comments?post=2294"}],"version-history":[{"count":3,"href":"https:\/\/100k.verfassungsfreunde.ch\/fr\/wp-json\/wp\/v2\/posts\/2294\/revisions"}],"predecessor-version":[{"id":2442,"href":"https:\/\/100k.verfassungsfreunde.ch\/fr\/wp-json\/wp\/v2\/posts\/2294\/revisions\/2442"}],"wp:attachment":[{"href":"https:\/\/100k.verfassungsfreunde.ch\/fr\/wp-json\/wp\/v2\/media?parent=2294"}],"wp:term":[{"taxonomy":"category","embeddable":true,"href":"https:\/\/100k.verfassungsfreunde.ch\/fr\/wp-json\/wp\/v2\/categories?post=2294"},{"taxonomy":"post_tag","embeddable":true,"href":"https:\/\/100k.verfassungsfreunde.ch\/fr\/wp-json\/wp\/v2\/tags?post=2294"}],"curies":[{"name":"wp","href":"https:\/\/api.w.org\/{rel}","templated":true}]}}